{"id":1390,"date":"2018-02-24T18:40:05","date_gmt":"2018-02-24T17:40:05","guid":{"rendered":"http:\/\/ensemble-vocal-ambiani.fr\/wp\/?p=1390"},"modified":"2018-02-24T18:40:12","modified_gmt":"2018-02-24T17:40:12","slug":"vivaldi-antonio-magnificat-2","status":"publish","type":"post","link":"https:\/\/ensemble-vocal-ambiani.fr\/wp\/vivaldi-antonio-magnificat-2\/","title":{"rendered":"Vivaldi Antonio, Magnificat"},"content":{"rendered":"<p><img loading=\"lazy\" decoding=\"async\" class=\"size-full wp-image-327 alignleft\" src=\"https:\/\/ensemble-vocal-ambiani.fr\/wp\/wp-content\/uploads\/2016\/04\/vivaldi2.jpg\" alt=\"\" width=\"230\" height=\"280\" \/><br \/>\n<em><span style=\"color: #0000ff;\"><b>Antonio Lucio Vivaldi<\/b> ,<\/span><\/em> n\u00e9 le <time class=\"nowrap date-lien\" datetime=\"1678-03-04\">4 mars 1678<\/time> \u00e0 Venise et mort le <time class=\"nowrap date-lien\" datetime=\"1741-07-28\">28 juillet 1741<\/time> \u00e0 Vienne, est un violoniste et compositeur italien.<\/p>\n<p>Virtuoses du violon les plus c\u00e9l\u00e8bres et les plus admir\u00e9s de son temps, il est \u00e9galement reconnu comme l\u2019un des plus importants compositeurs de la p\u00e9riode baroque, en tant qu&rsquo;initiateur principal du concerto de soliste. Son influence, en Italie comme dans toute l\u2019Europe, a \u00e9t\u00e9 consid\u00e9rable, et peut se mesurer au fait que Bach a adapt\u00e9 et transcrit plus d\u2019\u0153uvres de Vivaldi que de n&rsquo;importe quel autre musicien.<\/p>\n<p>&nbsp;<\/p>\n<p>Pr\u00eatre catholique, sa chevelure rousse le fit surnommer <i>il Prete rosso<\/i>, \u00ab Le Pr\u00eatre roux \u00bb, sobriquet peut-\u00eatre plus connu \u00e0 Venise que son v\u00e9ritable nom, ainsi que le rapporte Goldoni dans ses <i>M\u00e9moires<\/i><sup id=\"cite_ref-4\" class=\"reference\">C 1<\/sup>. Comme ce fut le cas pour de nombreux compositeurs du <span class=\"romain\">XVIII\u00e8me <\/span>si\u00e8cle, sa musique, de m\u00eame que son nom, fut vite oubli\u00e9e apr\u00e8s sa mort. Elle ne devait retrouver un certain int\u00e9r\u00eat aupr\u00e8s des \u00e9rudits qu\u2019au <span class=\"romain\">XIX\u00e8me <\/span>si\u00e8cle, \u00e0 la faveur de la red\u00e9couverte de Jean-S\u00e9bastien Bach. Cependant, sa v\u00e9ritable reconnaissance eut lieu pendant la premi\u00e8re moiti\u00e9 du <span class=\"romain\">XX\u00e8me <\/span>si\u00e8cle, gr\u00e2ce aux travaux d&rsquo;\u00e9rudits ou musicologues tels Arnold Schering ou Alberto Gentili, \u00e0 l&rsquo;implication de musiciens tels Marc Pincherle, Olga Rudge, Angelo Ephrikian, Gian Francesco Malipiero ou Alfredo Casella, et \u00e0 l&rsquo;enthousiasme d&rsquo;amateurs \u00e9clair\u00e9s commeEzra Pound.<\/p>\n","protected":false},"excerpt":{"rendered":"<p>Antonio Lucio Vivaldi , n\u00e9 le 4 mars 1678 \u00e0 Venise et mort le 28 juillet 1741 \u00e0 Vienne, est un violoniste et compositeur italien. Virtuoses du violon les plus c\u00e9l\u00e8bres et les plus admir\u00e9s de son temps, il est \u00e9galement reconnu comme l\u2019un des plus importants compositeurs de la p\u00e9riode baroque, en tant qu&rsquo;initiateur &hellip; <a href=\"https:\/\/ensemble-vocal-ambiani.fr\/wp\/vivaldi-antonio-magnificat-2\/\" class=\"more-link\">Continuer la lecture de <span class=\"screen-reader-text\">Vivaldi Antonio, Magnificat<\/span>  <span class=\"meta-nav\">&rarr;<\/span><\/a><\/p>\n","protected":false},"author":8,"featured_media":0,"comment_status":"closed","ping_status":"closed","sticky":false,"template":"","format":"standard","meta":{"footnotes":""},"categories":[12],"tags":[],"class_list":["post-1390","post","type-post","status-publish","format-standard","hentry","category-notrerepertoire"],"_links":{"self":[{"href":"https:\/\/ensemble-vocal-ambiani.fr\/wp\/wp-json\/wp\/v2\/posts\/1390","targetHints":{"allow":["GET"]}}],"collection":[{"href":"https:\/\/ensemble-vocal-ambiani.fr\/wp\/wp-json\/wp\/v2\/posts"}],"about":[{"href":"https:\/\/ensemble-vocal-ambiani.fr\/wp\/wp-json\/wp\/v2\/types\/post"}],"author":[{"embeddable":true,"href":"https:\/\/ensemble-vocal-ambiani.fr\/wp\/wp-json\/wp\/v2\/users\/8"}],"replies":[{"embeddable":true,"href":"https:\/\/ensemble-vocal-ambiani.fr\/wp\/wp-json\/wp\/v2\/comments?post=1390"}],"version-history":[{"count":0,"href":"https:\/\/ensemble-vocal-ambiani.fr\/wp\/wp-json\/wp\/v2\/posts\/1390\/revisions"}],"wp:attachment":[{"href":"https:\/\/ensemble-vocal-ambiani.fr\/wp\/wp-json\/wp\/v2\/media?parent=1390"}],"wp:term":[{"taxonomy":"category","embeddable":true,"href":"https:\/\/ensemble-vocal-ambiani.fr\/wp\/wp-json\/wp\/v2\/categories?post=1390"},{"taxonomy":"post_tag","embeddable":true,"href":"https:\/\/ensemble-vocal-ambiani.fr\/wp\/wp-json\/wp\/v2\/tags?post=1390"}],"curies":[{"name":"wp","href":"https:\/\/api.w.org\/{rel}","templated":true}]}}